{"id":1045,"date":"2024-09-26T08:24:19","date_gmt":"2024-09-26T08:24:19","guid":{"rendered":"https:\/\/the-timelens.com\/index.php\/2024\/09\/26\/putin-diz-que-consideraria-resposta-nuclear-a-ataque-aereo-macico-contra-a-russia-afp\/"},"modified":"2024-09-26T08:24:19","modified_gmt":"2024-09-26T08:24:19","slug":"putin-diz-que-consideraria-resposta-nuclear-a-ataque-aereo-macico-contra-a-russia-afp","status":"publish","type":"post","link":"https:\/\/the-timelens.com\/index.php\/2024\/09\/26\/putin-diz-que-consideraria-resposta-nuclear-a-ataque-aereo-macico-contra-a-russia-afp\/","title":{"rendered":"Putin diz que consideraria resposta nuclear a ataque a\u00e9reo &#39;maci\u00e7o&#39; contra a R\u00fassia | AFP"},"content":{"rendered":"<p>O presidente russo, Vladimir Putin, prop\u00f4s, nesta quarta-feira (25), mudan\u00e7as na doutrina nuclear da R\u00fassia que permitiriam o &#8230;<\/p>\n","protected":false},"excerpt":{"rendered":"<p>O presidente russo, Vladimir Putin, prop\u00f4s, nesta quarta-feira (25), mudan\u00e7as na doutrina nuclear da R\u00fassia que permitiriam o &#8230;<\/p>\n","protected":false},"author":1,"featured_media":1053,"comment_status":"open","ping_status":"closed","sticky":false,"template":"","format":"video","meta":{"footnotes":""},"categories":[4],"tags":[1203,1202,1201,1204,77,1032,1200,267,1022],"class_list":["post-1045","post","type-post","status-publish","format-video","has-post-thumbnail","hentry","category-russia","tag-actu","tag-afp","tag-governo","tag-info","tag-news","tag-nuclear","tag-politica","tag-putin","tag-russia","post_format-post-format-video"],"_links":{"self":[{"href":"https:\/\/the-timelens.com\/index.php\/wp-json\/wp\/v2\/posts\/1045","targetHints":{"allow":["GET"]}}],"collection":[{"href":"https:\/\/the-timelens.com\/index.php\/wp-json\/wp\/v2\/posts"}],"about":[{"href":"https:\/\/the-timelens.com\/index.php\/wp-json\/wp\/v2\/types\/post"}],"author":[{"embeddable":true,"href":"https:\/\/the-timelens.com\/index.php\/wp-json\/wp\/v2\/users\/1"}],"replies":[{"embeddable":true,"href":"https:\/\/the-timelens.com\/index.php\/wp-json\/wp\/v2\/comments?post=1045"}],"version-history":[{"count":0,"href":"https:\/\/the-timelens.com\/index.php\/wp-json\/wp\/v2\/posts\/1045\/revisions"}],"wp:featuredmedia":[{"embeddable":true,"href":"https:\/\/the-timelens.com\/index.php\/wp-json\/wp\/v2\/media\/1053"}],"wp:attachment":[{"href":"https:\/\/the-timelens.com\/index.php\/wp-json\/wp\/v2\/media?parent=1045"}],"wp:term":[{"taxonomy":"category","embeddable":true,"href":"https:\/\/the-timelens.com\/index.php\/wp-json\/wp\/v2\/categories?post=1045"},{"taxonomy":"post_tag","embeddable":true,"href":"https:\/\/the-timelens.com\/index.php\/wp-json\/wp\/v2\/tags?post=1045"}],"curies":[{"name":"wp","href":"https:\/\/api.w.org\/{rel}","templated":true}]}}