{"id":23,"date":"2024-01-30T14:30:13","date_gmt":"2024-01-30T14:30:13","guid":{"rendered":"https:\/\/nostalgic-sinoussi.85-215-64-59.plesk.page\/?p=23"},"modified":"2024-01-30T14:30:14","modified_gmt":"2024-01-30T14:30:14","slug":"die-zukunft-deutschlands-alice-weidel-die-erste-afd-kanzlerin","status":"publish","type":"post","link":"https:\/\/the-timelens.com\/index.php\/2024\/01\/30\/die-zukunft-deutschlands-alice-weidel-die-erste-afd-kanzlerin\/","title":{"rendered":"Die Zukunft Deutschlands: Alice Weidel, die erste AfD-Kanzlerin?"},"content":{"rendered":"<p>Ein Wendepunkt f\u00fcr Deutschland: Alice Weidel, die erste AfD-Kanzlerin?<\/p>\n<p>In den letzten Jahren hat die Alternative f\u00fcr Deutschland (AfD) eine rasante Entwicklung durchgemacht. Von einer kleinen Partei am rechten Rand des politischen Spektrums ist sie zu einer ernstzunehmenden politischen Kraft herangewachsen. Mit dem Aufstieg von Alice Weidel zur ersten AfD-Kanzlerin steckt Deutschland nun an einem Wendepunkt. Die Frage, die sich viele stellen, ist: Wird sie eine Hoffnung oder ein Alptraum f\u00fcr die Zukunft Deutschlands sein?<\/p>\n<p>===<\/p>\n<p>Hoffnung oder Alptraum? Die Zukunft Deutschlands unter Alice Weidel.<\/p>\n<p>Die Wahl von Alice Weidel zur ersten AfD-Kanzlerin k\u00f6nnte f\u00fcr Deutschland eine neue \u00c4ra bedeuten. Die Anh\u00e4nger der Partei sehen in ihr eine Vision\u00e4rin, die mit einem frischen Blick auf die Herausforderungen des Landes blickt. Sie verspricht, die deutschen Interessen in den Vordergrund zu stellen und eine klare Linie in der Migrationspolitik zu verfolgen.<\/p>\n<p>Doch f\u00fcr viele ist Alice Weidel auch eine umstrittene Figur. Kritiker bef\u00fcrchten, dass ihre rechtskonservative Agenda die gesellschaftliche Spaltung weiter vertiefen k\u00f6nnte. Ihre harten Standpunkte zu Themen wie Einwanderung und Islam haben bereits f\u00fcr hitzige Diskussionen gesorgt. Die Zukunft Deutschlands unter Alice Weidel ist daher f\u00fcr einige eher ein Alptraum als eine Hoffnung.<\/p>\n<p>Die Wahl von Alice Weidel zur ersten AfD-Kanzlerin w\u00fcrde zweifellos einen Wendepunkt f\u00fcr Deutschland darstellen. Ob dieser Wendepunkt zu Hoffnung oder Alptraum f\u00fchrt, bleibt jedoch abzuwarten. Die Zukunft Deutschlands wird ma\u00dfgeblich von den Entscheidungen und dem Handeln der neuen Regierung abh\u00e4ngen. Es liegt an den W\u00e4hlern, ihre Haltung zu bewerten und zu entscheiden, welchen Kurs sie f\u00fcr das Land bevorzugen.<\/p>\n","protected":false},"excerpt":{"rendered":"<p>Die Zukunft Deutschlands: Alice Weidel, die erste AfD-Kanzlerin? Eine kontroverse M\u00f6glichkeit, die das Land spaltet.<\/p>\n","protected":false},"author":1,"featured_media":29,"comment_status":"open","ping_status":"closed","sticky":false,"template":"","format":"standard","meta":{"footnotes":""},"categories":[1],"tags":[],"class_list":["post-23","post","type-post","status-publish","format-standard","has-post-thumbnail","hentry","category-politik"],"_links":{"self":[{"href":"https:\/\/the-timelens.com\/index.php\/wp-json\/wp\/v2\/posts\/23","targetHints":{"allow":["GET"]}}],"collection":[{"href":"https:\/\/the-timelens.com\/index.php\/wp-json\/wp\/v2\/posts"}],"about":[{"href":"https:\/\/the-timelens.com\/index.php\/wp-json\/wp\/v2\/types\/post"}],"author":[{"embeddable":true,"href":"https:\/\/the-timelens.com\/index.php\/wp-json\/wp\/v2\/users\/1"}],"replies":[{"embeddable":true,"href":"https:\/\/the-timelens.com\/index.php\/wp-json\/wp\/v2\/comments?post=23"}],"version-history":[{"count":1,"href":"https:\/\/the-timelens.com\/index.php\/wp-json\/wp\/v2\/posts\/23\/revisions"}],"predecessor-version":[{"id":40,"href":"https:\/\/the-timelens.com\/index.php\/wp-json\/wp\/v2\/posts\/23\/revisions\/40"}],"wp:featuredmedia":[{"embeddable":true,"href":"https:\/\/the-timelens.com\/index.php\/wp-json\/wp\/v2\/media\/29"}],"wp:attachment":[{"href":"https:\/\/the-timelens.com\/index.php\/wp-json\/wp\/v2\/media?parent=23"}],"wp:term":[{"taxonomy":"category","embeddable":true,"href":"https:\/\/the-timelens.com\/index.php\/wp-json\/wp\/v2\/categories?post=23"},{"taxonomy":"post_tag","embeddable":true,"href":"https:\/\/the-timelens.com\/index.php\/wp-json\/wp\/v2\/tags?post=23"}],"curies":[{"name":"wp","href":"https:\/\/api.w.org\/{rel}","templated":true}]}}