{"id":47,"date":"2024-01-30T15:29:47","date_gmt":"2024-01-30T15:29:47","guid":{"rendered":"https:\/\/the-timelens.com\/?p=47"},"modified":"2024-01-30T15:30:56","modified_gmt":"2024-01-30T15:30:56","slug":"ricarda-lang-ahnungslose-grunen-politikerin-blamiert-sich-bei-lanz-mit-falscher-rentenangabe","status":"publish","type":"post","link":"https:\/\/the-timelens.com\/index.php\/2024\/01\/30\/ricarda-lang-ahnungslose-grunen-politikerin-blamiert-sich-bei-lanz-mit-falscher-rentenangabe\/","title":{"rendered":"Ricarda Lang: Ahnungslose Gr\u00fcnen-Politikerin blamiert sich bei Lanz mit falscher Rentenangabe"},"content":{"rendered":"<p>Ahnungslose Gr\u00fcnen-Politikerin bei Lanz: Peinliche Rentenpanne! ===<\/p>\n<p>Es ist immer wieder erfrischend, wenn Politikerinnen und Politiker ihr wahres Gesicht zeigen und ihre Inkompetenz vor laufenden Kameras zur Schau stellen. Am vergangenen Dienstagabend war es Ricarda Lang von den Gr\u00fcnen, die sich bei Markus Lanz in der ZDF-Talkshow blamierte. Mit einer falschen Rentenangabe sorgte sie nicht nur f\u00fcr Verwirrung, sondern auch f\u00fcr peinliche Momente im deutschen Fernsehen.<\/p>\n<p>=== Ahnungslose Gr\u00fcnen-Politikerin bei Lanz: Peinliche Rentenpanne! ===<\/p>\n<p>Ricarda Lang, die sich gerne als Expertin f\u00fcr Sozialpolitik pr\u00e4sentiert, zeigte bei ihrem Auftritt bei Markus Lanz einmal mehr, dass sie von der Materie nicht viel Ahnung hat. Als es um das Thema Rente ging, gab sie eine falsche Rentenangabe von sich. Statt sich vorab ausreichend zu informieren, verk\u00fcndete sie stolz, dass der durchschnittliche Rentenbetrag in Deutschland bei 3.000 Euro im Monat liege. Eine Aussage, die nicht nur falsch, sondern auch v\u00f6llig abwegig ist.<\/p>\n<p>=== Ricarda Lang blamiert sich mit falscher Rentenangabe ===<\/p>\n<p>Es ist wirklich erstaunlich, dass eine angebliche Expertin in Sachen Sozialpolitik derart falsche Informationen verbreitet. Ricarda Lang scheint es nicht f\u00fcr n\u00f6tig gehalten zu haben, sich vor ihrem Talkshow-Auftritt ausreichend mit dem Thema Rente auseinanderzusetzen. Oder vielleicht hat sie es einfach nicht verstanden, dass man als Politikerin auch eine gewisse Verantwortung hat, korrekte Informationen an die \u00d6ffentlichkeit zu bringen.<\/p>\n<p>Es ist kein Geheimnis, dass die durchschnittliche Rente in Deutschland bei weitem nicht bei 3.000 Euro im Monat liegt. Eine Aussage wie diese zeugt entweder von v\u00f6lliger Ignoranz oder von einer bewussten Irref\u00fchrung der Bev\u00f6lkerung. Angesichts solcher Fehlinformationen stellt sich die Frage, ob Ricarda Lang \u00fcberhaupt die n\u00f6tige Kompetenz besitzt, um \u00fcber Sozialpolitik zu sprechen.<\/p>\n<p>===<\/p>\n<p>Die peinliche Rentenpanne von Ricarda Lang bei Markus Lanz zeigt einmal mehr, dass Politikerinnen und Politiker oft nicht das halten, was sie versprechen. Es ist bedauerlich, dass eine Gr\u00fcnen-Politikerin, die sich gerne als Expertin f\u00fcr Sozialpolitik darstellt, nicht einmal die grundlegendsten Informationen korrekt wiedergeben kann. Hoffen wir, dass sie in Zukunft ihre Hausaufgaben macht und sich besser vorbereitet, bevor sie erneut im Fernsehen auftritt. Denn mit Fehlinformationen und Inkompetenz gewinnt man sicherlich keine W\u00e4hlerherzen.<\/p>\n","protected":false},"excerpt":{"rendered":"<p>Ricarda Lang: Gr\u00fcnen-Politikerin blamiert sich bei Lanz mit Rentenfalschinfo<\/p>\n","protected":false},"author":1,"featured_media":37,"comment_status":"open","ping_status":"closed","sticky":false,"template":"","format":"standard","meta":{"footnotes":""},"categories":[1],"tags":[],"class_list":["post-47","post","type-post","status-publish","format-standard","has-post-thumbnail","hentry","category-politik"],"_links":{"self":[{"href":"https:\/\/the-timelens.com\/index.php\/wp-json\/wp\/v2\/posts\/47","targetHints":{"allow":["GET"]}}],"collection":[{"href":"https:\/\/the-timelens.com\/index.php\/wp-json\/wp\/v2\/posts"}],"about":[{"href":"https:\/\/the-timelens.com\/index.php\/wp-json\/wp\/v2\/types\/post"}],"author":[{"embeddable":true,"href":"https:\/\/the-timelens.com\/index.php\/wp-json\/wp\/v2\/users\/1"}],"replies":[{"embeddable":true,"href":"https:\/\/the-timelens.com\/index.php\/wp-json\/wp\/v2\/comments?post=47"}],"version-history":[{"count":1,"href":"https:\/\/the-timelens.com\/index.php\/wp-json\/wp\/v2\/posts\/47\/revisions"}],"predecessor-version":[{"id":48,"href":"https:\/\/the-timelens.com\/index.php\/wp-json\/wp\/v2\/posts\/47\/revisions\/48"}],"wp:featuredmedia":[{"embeddable":true,"href":"https:\/\/the-timelens.com\/index.php\/wp-json\/wp\/v2\/media\/37"}],"wp:attachment":[{"href":"https:\/\/the-timelens.com\/index.php\/wp-json\/wp\/v2\/media?parent=47"}],"wp:term":[{"taxonomy":"category","embeddable":true,"href":"https:\/\/the-timelens.com\/index.php\/wp-json\/wp\/v2\/categories?post=47"},{"taxonomy":"post_tag","embeddable":true,"href":"https:\/\/the-timelens.com\/index.php\/wp-json\/wp\/v2\/tags?post=47"}],"curies":[{"name":"wp","href":"https:\/\/api.w.org\/{rel}","templated":true}]}}