{"id":816,"date":"2024-09-26T08:11:30","date_gmt":"2024-09-26T08:11:30","guid":{"rendered":"https:\/\/the-timelens.com\/index.php\/2024\/09\/26\/weidel-wunscht-sich-trump-als-us-prasidenten-zdf-sommerinterview-07-07-2024\/"},"modified":"2024-09-26T08:11:30","modified_gmt":"2024-09-26T08:11:30","slug":"weidel-wunscht-sich-trump-als-us-prasidenten-zdf-sommerinterview-07-07-2024","status":"publish","type":"post","link":"https:\/\/the-timelens.com\/index.php\/2024\/09\/26\/weidel-wunscht-sich-trump-als-us-prasidenten-zdf-sommerinterview-07-07-2024\/","title":{"rendered":"Weidel w\u00fcnscht sich Trump als US-Pr\u00e4sidenten | ZDF-Sommerinterview 07.07.2024"},"content":{"rendered":"<p>Wenn die USA im November einen neuen Pr\u00e4sidenten w\u00e4hlen, d\u00fcrfe der Amtsinhaber diese Wahl laut AfD-Chefin Alice Weidel &#8230;<\/p>\n","protected":false},"excerpt":{"rendered":"<p>Wenn die USA im November einen neuen Pr\u00e4sidenten w\u00e4hlen, d\u00fcrfe der Amtsinhaber diese Wahl laut AfD-Chefin Alice Weidel &#8230;<\/p>\n","protected":false},"author":1,"featured_media":823,"comment_status":"open","ping_status":"closed","sticky":false,"template":"","format":"video","meta":{"footnotes":""},"categories":[5],"tags":[24,119,21,133,122,124,131,74,128,77,118,120,96,126,22,121,117,71],"class_list":["post-816","post","type-post","status-publish","format-video","has-post-thumbnail","hentry","category-politics","tag-afd","tag-aktuell","tag-alice-weidel","tag-burgergeld","tag-donald-trump","tag-joe-biden","tag-migration","tag-nachrichten","tag-nato","tag-news","tag-news-aktuell","tag-sommerinterview","tag-ukraine","tag-wehrpflicht","tag-zdf","tag-zdf-sommerinterview","tag-zdfheute","tag-zdfheute-nachrichten","post_format-post-format-video"],"_links":{"self":[{"href":"https:\/\/the-timelens.com\/index.php\/wp-json\/wp\/v2\/posts\/816","targetHints":{"allow":["GET"]}}],"collection":[{"href":"https:\/\/the-timelens.com\/index.php\/wp-json\/wp\/v2\/posts"}],"about":[{"href":"https:\/\/the-timelens.com\/index.php\/wp-json\/wp\/v2\/types\/post"}],"author":[{"embeddable":true,"href":"https:\/\/the-timelens.com\/index.php\/wp-json\/wp\/v2\/users\/1"}],"replies":[{"embeddable":true,"href":"https:\/\/the-timelens.com\/index.php\/wp-json\/wp\/v2\/comments?post=816"}],"version-history":[{"count":0,"href":"https:\/\/the-timelens.com\/index.php\/wp-json\/wp\/v2\/posts\/816\/revisions"}],"wp:featuredmedia":[{"embeddable":true,"href":"https:\/\/the-timelens.com\/index.php\/wp-json\/wp\/v2\/media\/823"}],"wp:attachment":[{"href":"https:\/\/the-timelens.com\/index.php\/wp-json\/wp\/v2\/media?parent=816"}],"wp:term":[{"taxonomy":"category","embeddable":true,"href":"https:\/\/the-timelens.com\/index.php\/wp-json\/wp\/v2\/categories?post=816"},{"taxonomy":"post_tag","embeddable":true,"href":"https:\/\/the-timelens.com\/index.php\/wp-json\/wp\/v2\/tags?post=816"}],"curies":[{"name":"wp","href":"https:\/\/api.w.org\/{rel}","templated":true}]}}