{"id":828,"date":"2024-09-26T08:11:30","date_gmt":"2024-09-26T08:11:30","guid":{"rendered":"https:\/\/the-timelens.com\/index.php\/2024\/09\/26\/haushaltskrise-rucktrittserklarung-afd-chefin-alice-weidel-fordert-olaf-scholz-zum-rucktritt-auf\/"},"modified":"2024-09-26T08:11:30","modified_gmt":"2024-09-26T08:11:30","slug":"haushaltskrise-rucktrittserklarung-afd-chefin-alice-weidel-fordert-olaf-scholz-zum-rucktritt-auf","status":"publish","type":"post","link":"https:\/\/the-timelens.com\/index.php\/2024\/09\/26\/haushaltskrise-rucktrittserklarung-afd-chefin-alice-weidel-fordert-olaf-scholz-zum-rucktritt-auf\/","title":{"rendered":"HAUSHALTSKRISE: &quot;R\u00fccktrittserkl\u00e4rung!&quot; AfD-Chefin Alice Weidel fordert Olaf Scholz zum R\u00fccktritt auf"},"content":{"rendered":"<p>HAUSHALTSKRISE: R\u00fccktrittserkl\u00e4rung! AfD-Chefin Alice Weidel fordert Olaf Scholz zum R\u00fccktritt auf AfD-Chefin Alice Weidel &#8230;<\/p>\n","protected":false},"excerpt":{"rendered":"<p>HAUSHALTSKRISE: R\u00fccktrittserkl\u00e4rung! AfD-Chefin Alice Weidel fordert Olaf Scholz zum R\u00fccktritt auf AfD-Chefin Alice Weidel &#8230;<\/p>\n","protected":false},"author":1,"featured_media":834,"comment_status":"open","ping_status":"closed","sticky":false,"template":"","format":"video","meta":{"footnotes":""},"categories":[5],"tags":[174,24,119,21,177,45,172,175,169,74,173,77,176,106,171,170,168],"class_list":["post-828","post","type-post","status-publish","format-video","has-post-thumbnail","hentry","category-politics","tag-174","tag-afd","tag-aktuell","tag-alice-weidel","tag-ampel-regierung","tag-bundestag","tag-fernsehen","tag-haushaltskrise","tag-n24","tag-nachrichten","tag-nachrichten-aktuell","tag-news","tag-olaf-scholz","tag-rucktritt","tag-tv","tag-video","tag-welt","post_format-post-format-video"],"_links":{"self":[{"href":"https:\/\/the-timelens.com\/index.php\/wp-json\/wp\/v2\/posts\/828","targetHints":{"allow":["GET"]}}],"collection":[{"href":"https:\/\/the-timelens.com\/index.php\/wp-json\/wp\/v2\/posts"}],"about":[{"href":"https:\/\/the-timelens.com\/index.php\/wp-json\/wp\/v2\/types\/post"}],"author":[{"embeddable":true,"href":"https:\/\/the-timelens.com\/index.php\/wp-json\/wp\/v2\/users\/1"}],"replies":[{"embeddable":true,"href":"https:\/\/the-timelens.com\/index.php\/wp-json\/wp\/v2\/comments?post=828"}],"version-history":[{"count":0,"href":"https:\/\/the-timelens.com\/index.php\/wp-json\/wp\/v2\/posts\/828\/revisions"}],"wp:featuredmedia":[{"embeddable":true,"href":"https:\/\/the-timelens.com\/index.php\/wp-json\/wp\/v2\/media\/834"}],"wp:attachment":[{"href":"https:\/\/the-timelens.com\/index.php\/wp-json\/wp\/v2\/media?parent=828"}],"wp:term":[{"taxonomy":"category","embeddable":true,"href":"https:\/\/the-timelens.com\/index.php\/wp-json\/wp\/v2\/categories?post=828"},{"taxonomy":"post_tag","embeddable":true,"href":"https:\/\/the-timelens.com\/index.php\/wp-json\/wp\/v2\/tags?post=828"}],"curies":[{"name":"wp","href":"https:\/\/api.w.org\/{rel}","templated":true}]}}