{"id":832,"date":"2024-09-26T08:11:30","date_gmt":"2024-09-26T08:11:30","guid":{"rendered":"https:\/\/the-timelens.com\/index.php\/2024\/09\/26\/welt-talk-spezial-wahler-will-afd-in-der-regierung-alice-weidel-sieht-die-cdu-vor-zerreisprobe\/"},"modified":"2024-09-26T08:11:30","modified_gmt":"2024-09-26T08:11:30","slug":"welt-talk-spezial-wahler-will-afd-in-der-regierung-alice-weidel-sieht-die-cdu-vor-zerreisprobe","status":"publish","type":"post","link":"https:\/\/the-timelens.com\/index.php\/2024\/09\/26\/welt-talk-spezial-wahler-will-afd-in-der-regierung-alice-weidel-sieht-die-cdu-vor-zerreisprobe\/","title":{"rendered":"WELT TALK SPEZIAL: &quot;W\u00e4hler will AfD in der Regierung!&quot; Alice Weidel sieht die CDU vor Zerrei\u00dfprobe"},"content":{"rendered":"<p>WELT TALK SPEZIAL: &#8220;W\u00e4hler will AfD in der Regierung!&#8221; Alice Weidel sieht die CDU vor Zerrei\u00dfprobe In WELT Talk nach den &#8230;<\/p>\n","protected":false},"excerpt":{"rendered":"<p>WELT TALK SPEZIAL: &#8220;W\u00e4hler will AfD in der Regierung!&#8221; Alice Weidel sieht die CDU vor Zerrei\u00dfprobe In WELT Talk nach den &#8230;<\/p>\n","protected":false},"author":1,"featured_media":845,"comment_status":"open","ping_status":"closed","sticky":false,"template":"","format":"video","meta":{"footnotes":""},"categories":[5],"tags":[190,24,206,119,208,90,172,207,200,191,198,169,74,173,77,209,211,212,195,194,204,192,171,170,210,202,168],"class_list":["post-832","post","type-post","status-publish","format-video","has-post-thumbnail","hentry","category-politics","tag-190","tag-afd","tag-afd-positionen","tag-aktuell","tag-brandmauer","tag-cdu","tag-fernsehen","tag-friedrich-merz","tag-koalition","tag-landtagswahlen","tag-linke-parteien","tag-n24","tag-nachrichten","tag-nachrichten-aktuell","tag-news","tag-politische-zukunft","tag-rechtsradikale-afd-mitglieder","tag-regierung","tag-regierungsbildung","tag-sachsen","tag-strategische-ausrichtung","tag-thuringen","tag-tv","tag-video","tag-wahler","tag-wahlerfolg","tag-welt","post_format-post-format-video"],"_links":{"self":[{"href":"https:\/\/the-timelens.com\/index.php\/wp-json\/wp\/v2\/posts\/832","targetHints":{"allow":["GET"]}}],"collection":[{"href":"https:\/\/the-timelens.com\/index.php\/wp-json\/wp\/v2\/posts"}],"about":[{"href":"https:\/\/the-timelens.com\/index.php\/wp-json\/wp\/v2\/types\/post"}],"author":[{"embeddable":true,"href":"https:\/\/the-timelens.com\/index.php\/wp-json\/wp\/v2\/users\/1"}],"replies":[{"embeddable":true,"href":"https:\/\/the-timelens.com\/index.php\/wp-json\/wp\/v2\/comments?post=832"}],"version-history":[{"count":0,"href":"https:\/\/the-timelens.com\/index.php\/wp-json\/wp\/v2\/posts\/832\/revisions"}],"wp:featuredmedia":[{"embeddable":true,"href":"https:\/\/the-timelens.com\/index.php\/wp-json\/wp\/v2\/media\/845"}],"wp:attachment":[{"href":"https:\/\/the-timelens.com\/index.php\/wp-json\/wp\/v2\/media?parent=832"}],"wp:term":[{"taxonomy":"category","embeddable":true,"href":"https:\/\/the-timelens.com\/index.php\/wp-json\/wp\/v2\/categories?post=832"},{"taxonomy":"post_tag","embeddable":true,"href":"https:\/\/the-timelens.com\/index.php\/wp-json\/wp\/v2\/tags?post=832"}],"curies":[{"name":"wp","href":"https:\/\/api.w.org\/{rel}","templated":true}]}}