{"id":871,"date":"2024-09-26T08:14:30","date_gmt":"2024-09-26T08:14:30","guid":{"rendered":"https:\/\/the-timelens.com\/index.php\/2024\/09\/26\/ist-der-osten-anfallig-fur-populismus-sahra-wagenknecht-katrin-goring-eckardt-im-spitzengesprach\/"},"modified":"2024-09-26T08:14:30","modified_gmt":"2024-09-26T08:14:30","slug":"ist-der-osten-anfallig-fur-populismus-sahra-wagenknecht-katrin-goring-eckardt-im-spitzengesprach","status":"publish","type":"post","link":"https:\/\/the-timelens.com\/index.php\/2024\/09\/26\/ist-der-osten-anfallig-fur-populismus-sahra-wagenknecht-katrin-goring-eckardt-im-spitzengesprach\/","title":{"rendered":"Ist der Osten anf\u00e4llig f\u00fcr Populismus? Sahra Wagenknecht &amp; Katrin G\u00f6ring-Eckardt im Spitzengespr\u00e4ch"},"content":{"rendered":"<p>Im Talk streiten BSW-Chefin Sahra Wagenknecht, Gr\u00fcnen-Politikerin Katrin G\u00f6ring-Eckardt und der Soziologe Steffen Mau \u00fcber &#8230;<\/p>\n","protected":false},"excerpt":{"rendered":"<p>Im Talk streiten BSW-Chefin Sahra Wagenknecht, Gr\u00fcnen-Politikerin Katrin G\u00f6ring-Eckardt und der Soziologe Steffen Mau \u00fcber &#8230;<\/p>\n","protected":false},"author":1,"featured_media":880,"comment_status":"open","ping_status":"closed","sticky":false,"template":"","format":"video","meta":{"footnotes":""},"categories":[1],"tags":[24,220,304,231,85,250,74,77,263,298,309,194,78,292,244,238,257,299,294,192,270,280,287],"class_list":["post-871","post","type-post","status-publish","format-video","has-post-thumbnail","hentry","category-politik","tag-afd","tag-bsw","tag-der-osten","tag-der-spiegel","tag-grune","tag-katrin-goring-eckardt","tag-nachrichten","tag-news","tag-ostdeutschland","tag-osten","tag-populismus","tag-sachsen","tag-sahra-wagenknecht","tag-solingen","tag-spiegel","tag-spiegel-tv","tag-steffen-mau","tag-talk","tag-talkshow","tag-thuringen","tag-wahlen-in-ostdeutschland","tag-wahlen-in-sachsen","tag-wahlen-in-thuringen","post_format-post-format-video"],"_links":{"self":[{"href":"https:\/\/the-timelens.com\/index.php\/wp-json\/wp\/v2\/posts\/871","targetHints":{"allow":["GET"]}}],"collection":[{"href":"https:\/\/the-timelens.com\/index.php\/wp-json\/wp\/v2\/posts"}],"about":[{"href":"https:\/\/the-timelens.com\/index.php\/wp-json\/wp\/v2\/types\/post"}],"author":[{"embeddable":true,"href":"https:\/\/the-timelens.com\/index.php\/wp-json\/wp\/v2\/users\/1"}],"replies":[{"embeddable":true,"href":"https:\/\/the-timelens.com\/index.php\/wp-json\/wp\/v2\/comments?post=871"}],"version-history":[{"count":0,"href":"https:\/\/the-timelens.com\/index.php\/wp-json\/wp\/v2\/posts\/871\/revisions"}],"wp:featuredmedia":[{"embeddable":true,"href":"https:\/\/the-timelens.com\/index.php\/wp-json\/wp\/v2\/media\/880"}],"wp:attachment":[{"href":"https:\/\/the-timelens.com\/index.php\/wp-json\/wp\/v2\/media?parent=871"}],"wp:term":[{"taxonomy":"category","embeddable":true,"href":"https:\/\/the-timelens.com\/index.php\/wp-json\/wp\/v2\/categories?post=871"},{"taxonomy":"post_tag","embeddable":true,"href":"https:\/\/the-timelens.com\/index.php\/wp-json\/wp\/v2\/tags?post=871"}],"curies":[{"name":"wp","href":"https:\/\/api.w.org\/{rel}","templated":true}]}}