{"id":885,"date":"2024-09-26T08:14:31","date_gmt":"2024-09-26T08:14:31","guid":{"rendered":"https:\/\/the-timelens.com\/index.php\/2024\/09\/26\/ddr-burgerrechtlerinnen-warnen-vor-bundnis-sahra-wagenknecht\/"},"modified":"2024-09-26T08:14:31","modified_gmt":"2024-09-26T08:14:31","slug":"ddr-burgerrechtlerinnen-warnen-vor-bundnis-sahra-wagenknecht","status":"publish","type":"post","link":"https:\/\/the-timelens.com\/index.php\/2024\/09\/26\/ddr-burgerrechtlerinnen-warnen-vor-bundnis-sahra-wagenknecht\/","title":{"rendered":"DDR-B\u00fcrgerrechtler:innen warnen vor B\u00fcndnis Sahra Wagenknecht"},"content":{"rendered":"<p>Fr\u00fchere DDR-B\u00fcrgerrechtler:innen warnen in einem Offenen Brief vor einer Regierungsbeteiligung der neuen Partei B\u00fcndnis &#8230;<\/p>\n","protected":false},"excerpt":{"rendered":"<p>Fr\u00fchere DDR-B\u00fcrgerrechtler:innen warnen in einem Offenen Brief vor einer Regierungsbeteiligung der neuen Partei B\u00fcndnis &#8230;<\/p>\n","protected":false},"author":1,"featured_media":894,"comment_status":"open","ping_status":"closed","sticky":false,"template":"","format":"video","meta":{"footnotes":""},"categories":[1],"tags":[24,39,98,57,220,259,345,354,90,92,341,83,85,80,337,103,88,43,74,48,77,348,263,298,53,68,94,78,226,52,26,34,96,216,357,62,71],"class_list":["post-885","post","type-post","status-publish","format-video","has-post-thumbnail","hentry","category-politik","tag-afd","tag-ard","tag-ard-mediathek","tag-br24","tag-bsw","tag-bundnis-sahra-wagenknecht","tag-burgerrechtler","tag-burgerrechtsbewegung","tag-cdu","tag-csu","tag-ddr","tag-fdp","tag-grune","tag-infos","tag-kritik","tag-landtagswahl","tag-linke","tag-mdr","tag-nachrichten","tag-ndr","tag-news","tag-offener-brief","tag-ostdeutschland","tag-osten","tag-rbb","tag-rtl-aktuell","tag-russland","tag-sahra-wagenknecht","tag-sarah-wagenknecht","tag-spd","tag-tagesschau","tag-tagesthemen","tag-ukraine","tag-wagenknecht","tag-wahl","tag-wdr-aktuell","tag-zdfheute-nachrichten","post_format-post-format-video"],"_links":{"self":[{"href":"https:\/\/the-timelens.com\/index.php\/wp-json\/wp\/v2\/posts\/885","targetHints":{"allow":["GET"]}}],"collection":[{"href":"https:\/\/the-timelens.com\/index.php\/wp-json\/wp\/v2\/posts"}],"about":[{"href":"https:\/\/the-timelens.com\/index.php\/wp-json\/wp\/v2\/types\/post"}],"author":[{"embeddable":true,"href":"https:\/\/the-timelens.com\/index.php\/wp-json\/wp\/v2\/users\/1"}],"replies":[{"embeddable":true,"href":"https:\/\/the-timelens.com\/index.php\/wp-json\/wp\/v2\/comments?post=885"}],"version-history":[{"count":0,"href":"https:\/\/the-timelens.com\/index.php\/wp-json\/wp\/v2\/posts\/885\/revisions"}],"wp:featuredmedia":[{"embeddable":true,"href":"https:\/\/the-timelens.com\/index.php\/wp-json\/wp\/v2\/media\/894"}],"wp:attachment":[{"href":"https:\/\/the-timelens.com\/index.php\/wp-json\/wp\/v2\/media?parent=885"}],"wp:term":[{"taxonomy":"category","embeddable":true,"href":"https:\/\/the-timelens.com\/index.php\/wp-json\/wp\/v2\/categories?post=885"},{"taxonomy":"post_tag","embeddable":true,"href":"https:\/\/the-timelens.com\/index.php\/wp-json\/wp\/v2\/tags?post=885"}],"curies":[{"name":"wp","href":"https:\/\/api.w.org\/{rel}","templated":true}]}}