{"id":905,"date":"2024-09-26T08:14:31","date_gmt":"2024-09-26T08:14:31","guid":{"rendered":"https:\/\/the-timelens.com\/index.php\/2024\/09\/26\/sahra-wagenknecht-bsw-chefin-zu-den-wahlergebnissen-in-sachsen-und-thuringen-01-09-2024\/"},"modified":"2024-09-26T08:14:31","modified_gmt":"2024-09-26T08:14:31","slug":"sahra-wagenknecht-bsw-chefin-zu-den-wahlergebnissen-in-sachsen-und-thuringen-01-09-2024","status":"publish","type":"post","link":"https:\/\/the-timelens.com\/index.php\/2024\/09\/26\/sahra-wagenknecht-bsw-chefin-zu-den-wahlergebnissen-in-sachsen-und-thuringen-01-09-2024\/","title":{"rendered":"Sahra Wagenknecht (BSW-Chefin) zu den Wahlergebnissen in Sachsen und Th\u00fcringen | 01.09.2024"},"content":{"rendered":"<p>Im Interview mit phoenix-Reporter Aydocan Makasc\u0131 \u00e4u\u00dfert sich BSW-Vorsitzende Sahra Wagenknecht zum guten Abschneiden &#8230;<\/p>\n","protected":false},"excerpt":{"rendered":"<p>Im Interview mit phoenix-Reporter Aydocan Makasc\u0131 \u00e4u\u00dfert sich BSW-Vorsitzende Sahra Wagenknecht zum guten Abschneiden &#8230;<\/p>\n","protected":false},"author":1,"featured_media":909,"comment_status":"open","ping_status":"closed","sticky":false,"template":"","format":"video","meta":{"footnotes":""},"categories":[1],"tags":[24,220,90,433,23,194,192,216,214],"class_list":["post-905","post","type-post","status-publish","format-video","has-post-thumbnail","hentry","category-politik","tag-afd","tag-bsw","tag-cdu","tag-landtag","tag-phoenix","tag-sachsen","tag-thuringen","tag-wagenknecht","tag-wahlen","post_format-post-format-video"],"_links":{"self":[{"href":"https:\/\/the-timelens.com\/index.php\/wp-json\/wp\/v2\/posts\/905","targetHints":{"allow":["GET"]}}],"collection":[{"href":"https:\/\/the-timelens.com\/index.php\/wp-json\/wp\/v2\/posts"}],"about":[{"href":"https:\/\/the-timelens.com\/index.php\/wp-json\/wp\/v2\/types\/post"}],"author":[{"embeddable":true,"href":"https:\/\/the-timelens.com\/index.php\/wp-json\/wp\/v2\/users\/1"}],"replies":[{"embeddable":true,"href":"https:\/\/the-timelens.com\/index.php\/wp-json\/wp\/v2\/comments?post=905"}],"version-history":[{"count":0,"href":"https:\/\/the-timelens.com\/index.php\/wp-json\/wp\/v2\/posts\/905\/revisions"}],"wp:featuredmedia":[{"embeddable":true,"href":"https:\/\/the-timelens.com\/index.php\/wp-json\/wp\/v2\/media\/909"}],"wp:attachment":[{"href":"https:\/\/the-timelens.com\/index.php\/wp-json\/wp\/v2\/media?parent=905"}],"wp:term":[{"taxonomy":"category","embeddable":true,"href":"https:\/\/the-timelens.com\/index.php\/wp-json\/wp\/v2\/categories?post=905"},{"taxonomy":"post_tag","embeddable":true,"href":"https:\/\/the-timelens.com\/index.php\/wp-json\/wp\/v2\/tags?post=905"}],"curies":[{"name":"wp","href":"https:\/\/api.w.org\/{rel}","templated":true}]}}